{"id":12220,"date":"2026-01-21T13:26:43","date_gmt":"2026-01-21T12:26:43","guid":{"rendered":"https:\/\/fornimedical.ch\/?p=12220"},"modified":"2026-01-21T14:53:57","modified_gmt":"2026-01-21T13:53:57","slug":"masque-de-protection-respiratoire-aircare-ffp3-n99","status":"publish","type":"post","link":"https:\/\/fornimedical.ch\/fr\/masque-de-protection-respiratoire-aircare-ffp3-n99\/","title":{"rendered":"Nouveau dans notre gamme \u2013 Masque de protection respiratoire r\u00e9utilisable AirCare+ FFP3\/N99"},"content":{"rendered":"<div class=\"field-blocks-section  \" ><div class=\"container simple-text-section-wrapper\n with-image right\">\n\t\t<div class=\"text-content\"><h4>La solution de protection<\/h4>\n<p>Le masque respiratoire <strong>r\u00e9utilisable<\/strong> AirCare+ FFP3\/N99 est compos\u00e9 \u00e0 100 % de silicone m\u00e9dical et est 100 % hypoallerg\u00e9nique. Sa technologie <strong>NoseFit<\/strong> prot\u00e8ge contre la bu\u00e9e sur les lunettes et les irritations oculaires. <strong>FormFit<\/strong>: son ajustement pr\u00e9cis avec bordure \u00e9lastique emp\u00eache les fuites lat\u00e9rales. Longue dur\u00e9e de vie de <strong>10 ans<\/strong>. St\u00e9rilisable 1 000 fois. Avec syst\u00e8me de filtre interchangeable. Certifi\u00e9, \u00e9conomique et durable &#8211; \u00ab Made in Austria \u00bb.<\/p>\n<p><a href=\"https:\/\/fornimedical.ch\/fr\/product-category\/soins\/materiel-dexamen-fr\/materiel-de-protection\/\">D\u00e9couvrez-le d\u00e8s maintenant dans notre boutique en ligne.<\/a><\/p>\n<\/div>\n\t<div class=\"image-content large\"><img decoding=\"async\" width=\"1024\" height=\"576\" src=\"https:\/\/fornimedical.ch\/wp-content\/uploads\/2025\/11\/AirCare-Plus-Masken_klein-1024x576.jpg\" class=\"attachment-large size-large\" alt=\"AirCare Plus Maske\" srcset=\"https:\/\/fornimedical.ch\/wp-content\/uploads\/2025\/11\/AirCare-Plus-Masken_klein-1024x576.jpg 1024w, https:\/\/fornimedical.ch\/wp-content\/uploads\/2025\/11\/AirCare-Plus-Masken_klein-300x169.jpg 300w, https:\/\/fornimedical.ch\/wp-content\/uploads\/2025\/11\/AirCare-Plus-Masken_klein-768x432.jpg 768w, https:\/\/fornimedical.ch\/wp-content\/uploads\/2025\/11\/AirCare-Plus-Masken_klein-1536x864.jpg 1536w, https:\/\/fornimedical.ch\/wp-content\/uploads\/2025\/11\/AirCare-Plus-Masken_klein-2048x1152.jpg 2048w, https:\/\/fornimedical.ch\/wp-content\/uploads\/2025\/11\/AirCare-Plus-Masken_klein-600x338.jpg 600w\" sizes=\"(max-width: 1024px) 100vw, 1024px\" \/><\/div>\n<\/div>\n<\/div>","protected":false},"excerpt":{"rendered":"<p>Nouveau dans notre gamme \u2013 Masque de protection respiratoire r\u00e9utilisable AirCare+ FFP3\/N99<\/p>\n","protected":false},"author":13,"featured_media":12218,"comment_status":"closed","ping_status":"closed","sticky":false,"template":"","format":"standard","meta":{"_acf_changed":false,"site-sidebar-layout":"default","site-content-layout":"","ast-site-content-layout":"default","site-content-style":"default","site-sidebar-style":"default","ast-global-header-display":"","ast-banner-title-visibility":"","ast-main-header-display":"","ast-hfb-above-header-display":"","ast-hfb-below-header-display":"","ast-hfb-mobile-header-display":"","site-post-title":"","ast-breadcrumbs-content":"","ast-featured-img":"","footer-sml-layout":"","theme-transparent-header-meta":"default","adv-header-id-meta":"","stick-header-meta":"","header-above-stick-meta":"","header-main-stick-meta":"","header-below-stick-meta":"","astra-migrate-meta-layouts":"set","ast-page-background-enabled":"default","ast-page-background-meta":{"desktop":{"background-color":"var(--ast-global-color-4)","background-image":"","background-repeat":"repeat","background-position":"center center","background-size":"auto","background-attachment":"scroll","background-type":"","background-media":"","overlay-type":"","overlay-color":"","overlay-opacity":"","overlay-gradient":""},"tablet":{"background-color":"","background-image":"","background-repeat":"repeat","background-position":"center center","background-size":"auto","background-attachment":"scroll","background-type":"","background-media":"","overlay-type":"","overlay-color":"","overlay-opacity":"","overlay-gradient":""},"mobile":{"background-color":"","background-image":"","background-repeat":"repeat","background-position":"center center","background-size":"auto","background-attachment":"scroll","background-type":"","background-media":"","overlay-type":"","overlay-color":"","overlay-opacity":"","overlay-gradient":""}},"ast-content-background-meta":{"desktop":{"background-color":"var(--ast-global-color-5)","background-image":"","background-repeat":"repeat","background-position":"center center","background-size":"auto","background-attachment":"scroll","background-type":"","background-media":"","overlay-type":"","overlay-color":"","overlay-opacity":"","overlay-gradient":""},"tablet":{"background-color":"var(--ast-global-color-5)","background-image":"","background-repeat":"repeat","background-position":"center center","background-size":"auto","background-attachment":"scroll","background-type":"","background-media":"","overlay-type":"","overlay-color":"","overlay-opacity":"","overlay-gradient":""},"mobile":{"background-color":"var(--ast-global-color-5)","background-image":"","background-repeat":"repeat","background-position":"center center","background-size":"auto","background-attachment":"scroll","background-type":"","background-media":"","overlay-type":"","overlay-color":"","overlay-opacity":"","overlay-gradient":""}},"footnotes":""},"categories":[559],"tags":[944],"class_list":["post-12220","post","type-post","status-publish","format-standard","has-post-thumbnail","hentry","category-actualites-produits","tag-masque-de-protection-respiratoire-reutilisable"],"acf":[],"yoast_head":"<!-- This site is optimized with the Yoast SEO plugin v26.5 - https:\/\/yoast.com\/wordpress\/plugins\/seo\/ -->\n<title>Nouveau dans notre gamme \u2013 Masque de protection respiratoire r\u00e9utilisable AirCare+ FFP3\/N99 - Forni Medical GmbH<\/title>\n<meta name=\"description\" content=\"Masque de protection respiratoire AirCare+ FFP3\/N99\" \/>\n<meta name=\"robots\" content=\"index, follow, max-snippet:-1, max-image-preview:large, max-video-preview:-1\" \/>\n<link rel=\"canonical\" href=\"https:\/\/fornimedical.ch\/fr\/masque-de-protection-respiratoire-aircare-ffp3-n99\/\" \/>\n<meta property=\"og:locale\" content=\"fr_FR\" \/>\n<meta property=\"og:type\" content=\"article\" \/>\n<meta property=\"og:title\" content=\"Nouveau dans notre gamme \u2013 Masque de protection respiratoire r\u00e9utilisable AirCare+ FFP3\/N99 - Forni Medical GmbH\" \/>\n<meta property=\"og:description\" content=\"Masque de protection respiratoire AirCare+ FFP3\/N99\" \/>\n<meta property=\"og:url\" content=\"https:\/\/fornimedical.ch\/fr\/masque-de-protection-respiratoire-aircare-ffp3-n99\/\" \/>\n<meta property=\"og:site_name\" content=\"Forni Medical GmbH\" \/>\n<meta property=\"article:published_time\" content=\"2026-01-21T12:26:43+00:00\" \/>\n<meta property=\"article:modified_time\" content=\"2026-01-21T13:53:57+00:00\" \/>\n<meta property=\"og:image\" content=\"https:\/\/fornimedical.ch\/wp-content\/uploads\/2025\/11\/AC-Standard-1024x889.png\" \/>\n\t<meta property=\"og:image:width\" content=\"1024\" \/>\n\t<meta property=\"og:image:height\" content=\"889\" \/>\n\t<meta property=\"og:image:type\" content=\"image\/png\" \/>\n<meta name=\"author\" content=\"Carlos Maganto\" \/>\n<meta name=\"twitter:card\" content=\"summary_large_image\" \/>\n<meta name=\"twitter:label1\" content=\"\u00c9crit par\" \/>\n\t<meta name=\"twitter:data1\" content=\"Carlos Maganto\" \/>\n\t<meta name=\"twitter:label2\" content=\"Dur\u00e9e de lecture estim\u00e9e\" \/>\n\t<meta name=\"twitter:data2\" content=\"1 minute\" \/>\n<script type=\"application\/ld+json\" class=\"yoast-schema-graph\">{\"@context\":\"https:\/\/schema.org\",\"@graph\":[{\"@type\":\"Article\",\"@id\":\"https:\/\/fornimedical.ch\/fr\/masque-de-protection-respiratoire-aircare-ffp3-n99\/#article\",\"isPartOf\":{\"@id\":\"https:\/\/fornimedical.ch\/fr\/masque-de-protection-respiratoire-aircare-ffp3-n99\/\"},\"author\":{\"name\":\"Carlos Maganto\",\"@id\":\"https:\/\/fornimedical.ch\/fr\/#\/schema\/person\/187b2e57fd53c7fc31ec90321a506e04\"},\"headline\":\"Nouveau dans notre gamme \u2013 Masque de protection respiratoire r\u00e9utilisable AirCare+ FFP3\/N99\",\"datePublished\":\"2026-01-21T12:26:43+00:00\",\"dateModified\":\"2026-01-21T13:53:57+00:00\",\"mainEntityOfPage\":{\"@id\":\"https:\/\/fornimedical.ch\/fr\/masque-de-protection-respiratoire-aircare-ffp3-n99\/\"},\"wordCount\":13,\"publisher\":{\"@id\":\"https:\/\/fornimedical.ch\/fr\/#organization\"},\"image\":{\"@id\":\"https:\/\/fornimedical.ch\/fr\/masque-de-protection-respiratoire-aircare-ffp3-n99\/#primaryimage\"},\"thumbnailUrl\":\"https:\/\/fornimedical.ch\/wp-content\/uploads\/2025\/11\/AC-Standard.png\",\"keywords\":[\"Masque de protection respiratoire r\u00e9utilisable\"],\"articleSection\":[\"Actualit\u00e9s produits\"],\"inLanguage\":\"fr-FR\"},{\"@type\":\"WebPage\",\"@id\":\"https:\/\/fornimedical.ch\/fr\/masque-de-protection-respiratoire-aircare-ffp3-n99\/\",\"url\":\"https:\/\/fornimedical.ch\/fr\/masque-de-protection-respiratoire-aircare-ffp3-n99\/\",\"name\":\"Nouveau dans notre gamme \u2013 Masque de protection respiratoire r\u00e9utilisable AirCare+ FFP3\/N99 - Forni Medical GmbH\",\"isPartOf\":{\"@id\":\"https:\/\/fornimedical.ch\/fr\/#website\"},\"primaryImageOfPage\":{\"@id\":\"https:\/\/fornimedical.ch\/fr\/masque-de-protection-respiratoire-aircare-ffp3-n99\/#primaryimage\"},\"image\":{\"@id\":\"https:\/\/fornimedical.ch\/fr\/masque-de-protection-respiratoire-aircare-ffp3-n99\/#primaryimage\"},\"thumbnailUrl\":\"https:\/\/fornimedical.ch\/wp-content\/uploads\/2025\/11\/AC-Standard.png\",\"datePublished\":\"2026-01-21T12:26:43+00:00\",\"dateModified\":\"2026-01-21T13:53:57+00:00\",\"description\":\"Masque de protection respiratoire AirCare+ FFP3\/N99\",\"breadcrumb\":{\"@id\":\"https:\/\/fornimedical.ch\/fr\/masque-de-protection-respiratoire-aircare-ffp3-n99\/#breadcrumb\"},\"inLanguage\":\"fr-FR\",\"potentialAction\":[{\"@type\":\"ReadAction\",\"target\":[\"https:\/\/fornimedical.ch\/fr\/masque-de-protection-respiratoire-aircare-ffp3-n99\/\"]}]},{\"@type\":\"ImageObject\",\"inLanguage\":\"fr-FR\",\"@id\":\"https:\/\/fornimedical.ch\/fr\/masque-de-protection-respiratoire-aircare-ffp3-n99\/#primaryimage\",\"url\":\"https:\/\/fornimedical.ch\/wp-content\/uploads\/2025\/11\/AC-Standard.png\",\"contentUrl\":\"https:\/\/fornimedical.ch\/wp-content\/uploads\/2025\/11\/AC-Standard.png\",\"width\":1620,\"height\":1406},{\"@type\":\"BreadcrumbList\",\"@id\":\"https:\/\/fornimedical.ch\/fr\/masque-de-protection-respiratoire-aircare-ffp3-n99\/#breadcrumb\",\"itemListElement\":[{\"@type\":\"ListItem\",\"position\":1,\"name\":\"Home\",\"item\":\"https:\/\/fornimedical.ch\/fr\/\"},{\"@type\":\"ListItem\",\"position\":2,\"name\":\"Nouveau dans notre gamme \u2013 Masque de protection respiratoire r\u00e9utilisable AirCare+ FFP3\/N99\"}]},{\"@type\":\"WebSite\",\"@id\":\"https:\/\/fornimedical.ch\/fr\/#website\",\"url\":\"https:\/\/fornimedical.ch\/fr\/\",\"name\":\"Forni Medical GmbH\",\"description\":\"\",\"publisher\":{\"@id\":\"https:\/\/fornimedical.ch\/fr\/#organization\"},\"potentialAction\":[{\"@type\":\"SearchAction\",\"target\":{\"@type\":\"EntryPoint\",\"urlTemplate\":\"https:\/\/fornimedical.ch\/fr\/?s={search_term_string}\"},\"query-input\":{\"@type\":\"PropertyValueSpecification\",\"valueRequired\":true,\"valueName\":\"search_term_string\"}}],\"inLanguage\":\"fr-FR\"},{\"@type\":\"Organization\",\"@id\":\"https:\/\/fornimedical.ch\/fr\/#organization\",\"name\":\"Forni Medical GmbH\",\"url\":\"https:\/\/fornimedical.ch\/fr\/\",\"logo\":{\"@type\":\"ImageObject\",\"inLanguage\":\"fr-FR\",\"@id\":\"https:\/\/fornimedical.ch\/fr\/#\/schema\/logo\/image\/\",\"url\":\"https:\/\/fornimedical.ch\/wp-content\/uploads\/2023\/08\/logo.svg\",\"contentUrl\":\"https:\/\/fornimedical.ch\/wp-content\/uploads\/2023\/08\/logo.svg\",\"caption\":\"Forni Medical GmbH\"},\"image\":{\"@id\":\"https:\/\/fornimedical.ch\/fr\/#\/schema\/logo\/image\/\"}},{\"@type\":\"Person\",\"@id\":\"https:\/\/fornimedical.ch\/fr\/#\/schema\/person\/187b2e57fd53c7fc31ec90321a506e04\",\"name\":\"Carlos Maganto\",\"image\":{\"@type\":\"ImageObject\",\"inLanguage\":\"fr-FR\",\"@id\":\"https:\/\/fornimedical.ch\/fr\/#\/schema\/person\/image\/\",\"url\":\"https:\/\/secure.gravatar.com\/avatar\/177e36c7b0756071cf9caf28a1867ff28078d38cbada8e57f6d4835d380d8120?s=96&d=mm&r=g\",\"contentUrl\":\"https:\/\/secure.gravatar.com\/avatar\/177e36c7b0756071cf9caf28a1867ff28078d38cbada8e57f6d4835d380d8120?s=96&d=mm&r=g\",\"caption\":\"Carlos Maganto\"}}]}<\/script>\n<!-- \/ Yoast SEO plugin. -->","yoast_head_json":{"title":"Nouveau dans notre gamme \u2013 Masque de protection respiratoire r\u00e9utilisable AirCare+ FFP3\/N99 - Forni Medical GmbH","description":"Masque de protection respiratoire AirCare+ FFP3\/N99","robots":{"index":"index","follow":"follow","max-snippet":"max-snippet:-1","max-image-preview":"max-image-preview:large","max-video-preview":"max-video-preview:-1"},"canonical":"https:\/\/fornimedical.ch\/fr\/masque-de-protection-respiratoire-aircare-ffp3-n99\/","og_locale":"fr_FR","og_type":"article","og_title":"Nouveau dans notre gamme \u2013 Masque de protection respiratoire r\u00e9utilisable AirCare+ FFP3\/N99 - Forni Medical GmbH","og_description":"Masque de protection respiratoire AirCare+ FFP3\/N99","og_url":"https:\/\/fornimedical.ch\/fr\/masque-de-protection-respiratoire-aircare-ffp3-n99\/","og_site_name":"Forni Medical GmbH","article_published_time":"2026-01-21T12:26:43+00:00","article_modified_time":"2026-01-21T13:53:57+00:00","og_image":[{"width":1024,"height":889,"url":"https:\/\/fornimedical.ch\/wp-content\/uploads\/2025\/11\/AC-Standard-1024x889.png","type":"image\/png"}],"author":"Carlos Maganto","twitter_card":"summary_large_image","twitter_misc":{"\u00c9crit par":"Carlos Maganto","Dur\u00e9e de lecture estim\u00e9e":"1 minute"},"schema":{"@context":"https:\/\/schema.org","@graph":[{"@type":"Article","@id":"https:\/\/fornimedical.ch\/fr\/masque-de-protection-respiratoire-aircare-ffp3-n99\/#article","isPartOf":{"@id":"https:\/\/fornimedical.ch\/fr\/masque-de-protection-respiratoire-aircare-ffp3-n99\/"},"author":{"name":"Carlos Maganto","@id":"https:\/\/fornimedical.ch\/fr\/#\/schema\/person\/187b2e57fd53c7fc31ec90321a506e04"},"headline":"Nouveau dans notre gamme \u2013 Masque de protection respiratoire r\u00e9utilisable AirCare+ FFP3\/N99","datePublished":"2026-01-21T12:26:43+00:00","dateModified":"2026-01-21T13:53:57+00:00","mainEntityOfPage":{"@id":"https:\/\/fornimedical.ch\/fr\/masque-de-protection-respiratoire-aircare-ffp3-n99\/"},"wordCount":13,"publisher":{"@id":"https:\/\/fornimedical.ch\/fr\/#organization"},"image":{"@id":"https:\/\/fornimedical.ch\/fr\/masque-de-protection-respiratoire-aircare-ffp3-n99\/#primaryimage"},"thumbnailUrl":"https:\/\/fornimedical.ch\/wp-content\/uploads\/2025\/11\/AC-Standard.png","keywords":["Masque de protection respiratoire r\u00e9utilisable"],"articleSection":["Actualit\u00e9s produits"],"inLanguage":"fr-FR"},{"@type":"WebPage","@id":"https:\/\/fornimedical.ch\/fr\/masque-de-protection-respiratoire-aircare-ffp3-n99\/","url":"https:\/\/fornimedical.ch\/fr\/masque-de-protection-respiratoire-aircare-ffp3-n99\/","name":"Nouveau dans notre gamme \u2013 Masque de protection respiratoire r\u00e9utilisable AirCare+ FFP3\/N99 - Forni Medical GmbH","isPartOf":{"@id":"https:\/\/fornimedical.ch\/fr\/#website"},"primaryImageOfPage":{"@id":"https:\/\/fornimedical.ch\/fr\/masque-de-protection-respiratoire-aircare-ffp3-n99\/#primaryimage"},"image":{"@id":"https:\/\/fornimedical.ch\/fr\/masque-de-protection-respiratoire-aircare-ffp3-n99\/#primaryimage"},"thumbnailUrl":"https:\/\/fornimedical.ch\/wp-content\/uploads\/2025\/11\/AC-Standard.png","datePublished":"2026-01-21T12:26:43+00:00","dateModified":"2026-01-21T13:53:57+00:00","description":"Masque de protection respiratoire AirCare+ FFP3\/N99","breadcrumb":{"@id":"https:\/\/fornimedical.ch\/fr\/masque-de-protection-respiratoire-aircare-ffp3-n99\/#breadcrumb"},"inLanguage":"fr-FR","potentialAction":[{"@type":"ReadAction","target":["https:\/\/fornimedical.ch\/fr\/masque-de-protection-respiratoire-aircare-ffp3-n99\/"]}]},{"@type":"ImageObject","inLanguage":"fr-FR","@id":"https:\/\/fornimedical.ch\/fr\/masque-de-protection-respiratoire-aircare-ffp3-n99\/#primaryimage","url":"https:\/\/fornimedical.ch\/wp-content\/uploads\/2025\/11\/AC-Standard.png","contentUrl":"https:\/\/fornimedical.ch\/wp-content\/uploads\/2025\/11\/AC-Standard.png","width":1620,"height":1406},{"@type":"BreadcrumbList","@id":"https:\/\/fornimedical.ch\/fr\/masque-de-protection-respiratoire-aircare-ffp3-n99\/#breadcrumb","itemListElement":[{"@type":"ListItem","position":1,"name":"Home","item":"https:\/\/fornimedical.ch\/fr\/"},{"@type":"ListItem","position":2,"name":"Nouveau dans notre gamme \u2013 Masque de protection respiratoire r\u00e9utilisable AirCare+ FFP3\/N99"}]},{"@type":"WebSite","@id":"https:\/\/fornimedical.ch\/fr\/#website","url":"https:\/\/fornimedical.ch\/fr\/","name":"Forni Medical GmbH","description":"","publisher":{"@id":"https:\/\/fornimedical.ch\/fr\/#organization"},"potentialAction":[{"@type":"SearchAction","target":{"@type":"EntryPoint","urlTemplate":"https:\/\/fornimedical.ch\/fr\/?s={search_term_string}"},"query-input":{"@type":"PropertyValueSpecification","valueRequired":true,"valueName":"search_term_string"}}],"inLanguage":"fr-FR"},{"@type":"Organization","@id":"https:\/\/fornimedical.ch\/fr\/#organization","name":"Forni Medical GmbH","url":"https:\/\/fornimedical.ch\/fr\/","logo":{"@type":"ImageObject","inLanguage":"fr-FR","@id":"https:\/\/fornimedical.ch\/fr\/#\/schema\/logo\/image\/","url":"https:\/\/fornimedical.ch\/wp-content\/uploads\/2023\/08\/logo.svg","contentUrl":"https:\/\/fornimedical.ch\/wp-content\/uploads\/2023\/08\/logo.svg","caption":"Forni Medical GmbH"},"image":{"@id":"https:\/\/fornimedical.ch\/fr\/#\/schema\/logo\/image\/"}},{"@type":"Person","@id":"https:\/\/fornimedical.ch\/fr\/#\/schema\/person\/187b2e57fd53c7fc31ec90321a506e04","name":"Carlos Maganto","image":{"@type":"ImageObject","inLanguage":"fr-FR","@id":"https:\/\/fornimedical.ch\/fr\/#\/schema\/person\/image\/","url":"https:\/\/secure.gravatar.com\/avatar\/177e36c7b0756071cf9caf28a1867ff28078d38cbada8e57f6d4835d380d8120?s=96&d=mm&r=g","contentUrl":"https:\/\/secure.gravatar.com\/avatar\/177e36c7b0756071cf9caf28a1867ff28078d38cbada8e57f6d4835d380d8120?s=96&d=mm&r=g","caption":"Carlos Maganto"}}]}},"_links":{"self":[{"href":"https:\/\/fornimedical.ch\/fr\/wp-json\/wp\/v2\/posts\/12220","targetHints":{"allow":["GET"]}}],"collection":[{"href":"https:\/\/fornimedical.ch\/fr\/wp-json\/wp\/v2\/posts"}],"about":[{"href":"https:\/\/fornimedical.ch\/fr\/wp-json\/wp\/v2\/types\/post"}],"author":[{"embeddable":true,"href":"https:\/\/fornimedical.ch\/fr\/wp-json\/wp\/v2\/users\/13"}],"replies":[{"embeddable":true,"href":"https:\/\/fornimedical.ch\/fr\/wp-json\/wp\/v2\/comments?post=12220"}],"version-history":[{"count":9,"href":"https:\/\/fornimedical.ch\/fr\/wp-json\/wp\/v2\/posts\/12220\/revisions"}],"predecessor-version":[{"id":12420,"href":"https:\/\/fornimedical.ch\/fr\/wp-json\/wp\/v2\/posts\/12220\/revisions\/12420"}],"wp:featuredmedia":[{"embeddable":true,"href":"https:\/\/fornimedical.ch\/fr\/wp-json\/wp\/v2\/media\/12218"}],"wp:attachment":[{"href":"https:\/\/fornimedical.ch\/fr\/wp-json\/wp\/v2\/media?parent=12220"}],"wp:term":[{"taxonomy":"category","embeddable":true,"href":"https:\/\/fornimedical.ch\/fr\/wp-json\/wp\/v2\/categories?post=12220"},{"taxonomy":"post_tag","embeddable":true,"href":"https:\/\/fornimedical.ch\/fr\/wp-json\/wp\/v2\/tags?post=12220"}],"curies":[{"name":"wp","href":"https:\/\/api.w.org\/{rel}","templated":true}]}}